{"id":2703,"date":"2000-04-17T04:39:43","date_gmt":"2000-04-17T04:39:43","guid":{"rendered":"http:\/\/www.pacopoch.cat\/mallerich\/?p=2703"},"modified":"2023-01-05T18:29:18","modified_gmt":"2023-01-05T18:29:18","slug":"caras-es","status":"publish","type":"post","link":"https:\/\/www.pacopoch.cat\/mallerich\/es\/caras-es\/","title":{"rendered":"Caras vs Caras"},"content":{"rendered":"<p>[vc_row][vc_column][vc_custom_heading text=&#8221;De Isaki Lacuesta&#8221; font_container=&#8221;tag:h5|text_align:left&#8221; use_theme_fonts=&#8221;yes&#8221;][vc_custom_heading text=&#8221;Cortometraje<br \/>\n2000&#8243; font_container=&#8221;tag:h6|text_align:left&#8221; use_theme_fonts=&#8221;yes&#8221;][vc_column_text]Un campe\u00f3n de boxeo, Arturo Caras, despareci\u00f3 durante la posguerra sin dejar ni rastro. Los rumores hablan de un combate clandestino a muerte en una plaza de toros, de sesiones de tortura en las checas\u2026 A\u00f1os despu\u00e9s, cuatro personajes se disponen a contar por fin lo que ellos creen que sucedi\u00f3.[\/vc_column_text][vc_separator color=&#8221;custom&#8221; border_width=&#8221;2&#8243; accent_color=&#8221;#9bd068&#8243;][vc_media_grid element_width=&#8221;3&#8243; gap=&#8221;10&#8243; item=&#8221;masonryMedia_Default&#8221; grid_id=&#8221;vc_gid:1587098764075-98d2960f-0118-3&#8243; include=&#8221;2704,2706,2705&#8243;][vc_separator color=&#8221;custom&#8221; border_width=&#8221;2&#8243; accent_color=&#8221;#9bd068&#8243; css=&#8221;.vc_custom_1534685700084{margin-bottom: 10px !important;}&#8221;][vc_row_inner][vc_column_inner width=&#8221;1\/4&#8243;][vc_column_text]<\/p>\n<h5>Equipo t\u00e9cnico<\/h5>\n<p>Una producci\u00f3n de: Mallerich Films<br \/>\nCon la participaci\u00f3n de: Canal Plus<br \/>\nCon la ayuda de: ICAA<\/p>\n<p>Gui\u00f3n y direcci\u00f3n: Isaki Lacuesta<br \/>\nProducci\u00f3n ejecutiva: Paco Poch<br \/>\nDirecci\u00f3n de Fotograf\u00eda: Gerardo Gormezano<br \/>\nMontaje: Domi Parra<br \/>\nDirecci\u00f3n art\u00edstica: Maite S\u00e1nchez<br \/>\nSonido directo: Xavi Mas<br \/>\nM\u00fasica: Mauricio Sotelo, interpretada por Enrique Morente<br \/>\nMaquillaje: Raquel Espada<\/p>\n<p>[\/vc_column_text][\/vc_column_inner][vc_column_inner width=&#8221;1\/4&#8243;][vc_column_text]<\/p>\n<h5>Equipo art\u00edstico<\/h5>\n<p>V\u00edctor Alba, Manuel V\u00e1zquez Montalb\u00e1n, Josep Castillo Escalona, Enric Casamitjana, Frank Nicotra<\/p>\n<p>[\/vc_column_text][\/vc_column_inner][vc_column_inner width=&#8221;1\/4&#8243;][vc_column_text]<\/p>\n<h5>Datos t\u00e9cnicos<\/h5>\n<p>A\u00f1o: 2000<br \/>\nG\u00e9nero: Cortometraje<br \/>\nFormato de imagen: 1:1.66<br \/>\nIdiomas: Castellano<br \/>\nDuraci\u00f3n: 15 min<\/p>\n<p>&nbsp;<\/p>\n<h5>Premios<\/h5>\n<p>Premio Albatros de la Cr\u00edtica al mejor corto, Valencia<br \/>\nPremio a la mejor producci\u00f3n Festival Internacional de Cinema de Girona[\/vc_column_text][\/vc_column_inner][vc_column_inner width=&#8221;1\/4&#8243;][vc_column_text]<\/p>\n<h5>Trailer<\/h5>\n<p>[\/vc_column_text][vc_video link=&#8221;&#8221;][\/vc_column_inner][\/vc_row_inner][\/vc_column][\/vc_row]<\/p>\n","protected":false},"excerpt":{"rendered":"<p>[vc_row][vc_column][vc_custom_heading text=&#8221;De Isaki Lacuesta&#8221; font_container=&#8221;tag:h5|text_align:left&#8221; use_theme_fonts=&#8221;yes&#8221;][vc_custom_heading text=&#8221;Cortometraje 2000&#8243; font_container=&#8221;tag:h6|text_align:left&#8221; use_theme_fonts=&#8221;yes&#8221;][vc_column_text]Un campe\u00f3n de boxeo, Arturo Caras, despareci\u00f3 durante la posguerra sin dejar ni rastro. Los rumores hablan de un combate clandestino a muerte en una plaza de toros, de sesiones de tortura en las checas\u2026 A\u00f1os despu\u00e9s, cuatro personajes se disponen a contar por fin lo [&hellip;]<\/p>\n","protected":false},"author":2,"featured_media":2701,"comment_status":"closed","ping_status":"closed","sticky":false,"template":"","format":"standard","meta":[],"categories":[117],"tags":[],"acf":[],"_links":{"self":[{"href":"https:\/\/www.pacopoch.cat\/mallerich\/wp-json\/wp\/v2\/posts\/2703"}],"collection":[{"href":"https:\/\/www.pacopoch.cat\/mallerich\/wp-json\/wp\/v2\/posts"}],"about":[{"href":"https:\/\/www.pacopoch.cat\/mallerich\/wp-json\/wp\/v2\/types\/post"}],"author":[{"embeddable":true,"href":"https:\/\/www.pacopoch.cat\/mallerich\/wp-json\/wp\/v2\/users\/2"}],"replies":[{"embeddable":true,"href":"https:\/\/www.pacopoch.cat\/mallerich\/wp-json\/wp\/v2\/comments?post=2703"}],"version-history":[{"count":3,"href":"https:\/\/www.pacopoch.cat\/mallerich\/wp-json\/wp\/v2\/posts\/2703\/revisions"}],"predecessor-version":[{"id":2978,"href":"https:\/\/www.pacopoch.cat\/mallerich\/wp-json\/wp\/v2\/posts\/2703\/revisions\/2978"}],"wp:featuredmedia":[{"embeddable":true,"href":"https:\/\/www.pacopoch.cat\/mallerich\/wp-json\/wp\/v2\/media\/2701"}],"wp:attachment":[{"href":"https:\/\/www.pacopoch.cat\/mallerich\/wp-json\/wp\/v2\/media?parent=2703"}],"wp:term":[{"taxonomy":"category","embeddable":true,"href":"https:\/\/www.pacopoch.cat\/mallerich\/wp-json\/wp\/v2\/categories?post=2703"},{"taxonomy":"post_tag","embeddable":true,"href":"https:\/\/www.pacopoch.cat\/mallerich\/wp-json\/wp\/v2\/tags?post=2703"}],"curies":[{"name":"wp","href":"https:\/\/api.w.org\/{rel}","templated":true}]}}